{"id":1945,"date":"2025-12-20T12:57:45","date_gmt":"2025-12-20T10:57:45","guid":{"rendered":"https:\/\/www.joy.ee\/?p=1945"},"modified":"2025-12-20T12:58:38","modified_gmt":"2025-12-20T10:58:38","slug":"stuudio-joy-on-nomineeritud-integratsiooni-sihtasutuse-tunnustusele","status":"publish","type":"post","link":"https:\/\/www.joy.ee\/index.php\/2025\/12\/20\/stuudio-joy-on-nomineeritud-integratsiooni-sihtasutuse-tunnustusele\/","title":{"rendered":"Stuudio JOY on nomineeritud Integratsiooni Sihtasutuse tunnustusele"},"content":{"rendered":"<div id=\"fb-root\"><\/div>\n\n<p>Stuudio JOY on nomineeritud Integratsiooni Sihtasutuse tunnustusele<br>Aasta Sillalooja.<\/p>\n\n\n\n<p>See tunnustus on k\u00f5rge hinnang meie pikaajalisele t\u00f6\u00f6le kultuurilise l\u00f5imumise ja inimeste \u00fchendamise nimel l\u00e4bi loovuse, tantsu ja \u00fchisloomingu.<\/p>\n\n\n\n<p>Stuudio JOY juubelihooaeg oli eriline &#8211; juba 30 aastat Valga\u2013Valka piirialal ja 10 aastat Tallinnas, oleme loonud kultuuridevahelist dialoogi.<br>Juubeliaasta \u00fchendas eri rahvusi, p\u00f5lvkondi ja kultuure laval, koolides ja kogukondades <\/p>\n\n\n\n<p>See nominatsioon kinnitab, et kunst loob t\u00f5esti sildu &#8211; kultuuride, p\u00f5lvkondade, linnade ja riikide vahel <\/p>\n\n\n\n<p>Suur t\u00e4nu k\u00f5igile \u00f5pilastele, pedagoogidele, koost\u00f6\u00f6partneritele ja kogukondadele! <br>Stuudio JOY j\u00e4tkab sildade loomist armastuse, austuse ja loovuse j\u00f5uga.<\/p>\n\n\n\n<p>\u2022<\/p>\n\n\n\n<p>Studija JOY ir k\u013cuvusi par nominantu Integr\u0101cijas fonda apbalvojumam<br> Gada tiltu veidot\u0101js (Aasta Sillalooja).<\/p>\n\n\n\n<p>\u0160\u012b nomin\u0101cija ir augsts nov\u0113rt\u0113jums m\u016bsu ilgsto\u0161ajam darbam kult\u016bru integr\u0101cij\u0101, rado\u0161uma, dejas un m\u016bzikas koprad\u0113 <\/p>\n\n\n\n<p>Studijas JOY jubilejas sezona bija \u012bpa\u0161a &#8211; jau 30 gadus Valgas\/Valkas pierobe\u017eas re\u0123ion\u0101 un 10 gadus Tallin\u0101, m\u0113s veidojam kult\u016bru dialogu.<br>Jubilejas gads apvienoja da\u017e\u0101du taut\u012bbu, paaud\u017eu un kult\u016bru cilv\u0113kus uz skatuves, skol\u0101s un kopien\u0101s <\/p>\n\n\n\n<p>\u0160\u012b nomin\u0101cija apliecina, ka m\u0101ksla patiesi veido tiltus \u2013 starp kult\u016br\u0101m, paaudz\u0113m, pils\u0113t\u0101m un valst\u012bm <\/p>\n\n\n\n<p>Paldies visiem audz\u0113k\u0146iem, pedagogiem, sadarb\u012bbas partneriem un kopien\u0101m! <\/p>\n\n\n\n<p>Fotod: Egert Kamenik<\/p>\n\n\n\n<ol class=\"wp-block-list\">\n<li>foto &#8211; Stuudio JOY juht Marina Jerjomina.<\/li>\n\n\n\n<li>foto &#8211; Stuudio JOY juht Marina Jerjomina, Integratsiooni Sihtasutuse juhataja Dmitri Moskovtsev, Kultuuriministeeriumi kultuurilise mitmekesisuse asekantsler Eda Silberg.<\/li>\n\n\n\n<li>foto &#8211; Stuudio JOY juht Marina Jerjomina, Kultuuriministeeriumi kultuurilise mitmekesisuse osakonna n\u00f5unik Artjom Tepljuk, Integratsiooni Sihtasutuse Kultuurilise mitmekesisuse valdkonnajuht Kristina Pirgop &#8211; Benton.<\/li>\n\n\n\n<li>foto &#8211; Stuudio JOY juht Marina Jerjomina ja Eesti Kirjandusmuuseumi vanemteadur ja Eestimaa Rahvuste \u00dchenduse juht Natalia Ermakov.<\/li>\n\n\n\n<li>foto &#8211; Stuudio JOY juht Marina Jerjomina,<br>Ukraina Organisatsioonide Assotsiatsiooni Eestis juhatuse esimees Volodymyr Palamar<\/li>\n<\/ol>\n\n\n\n<p><img decoding=\"async\" class=\"alignnone size-medium wp-image-1944 lazyload\" data-src=\"http:\/\/www.joy.ee\/wp-content\/uploads\/2025\/12\/Stuudio-JOY-juht-Marina-Jerjomina-300x200.jpg\" alt=\"\" width=\"300\" height=\"200\" data-srcset=\"https:\/\/www.joy.ee\/wp-content\/uploads\/2025\/12\/Stuudio-JOY-juht-Marina-Jerjomina-300x200.jpg 300w, https:\/\/www.joy.ee\/wp-content\/uploads\/2025\/12\/Stuudio-JOY-juht-Marina-Jerjomina-1024x683.jpg 1024w, https:\/\/www.joy.ee\/wp-content\/uploads\/2025\/12\/Stuudio-JOY-juht-Marina-Jerjomina-768x512.jpg 768w, https:\/\/www.joy.ee\/wp-content\/uploads\/2025\/12\/Stuudio-JOY-juht-Marina-Jerjomina-1536x1024.jpg 1536w, https:\/\/www.joy.ee\/wp-content\/uploads\/2025\/12\/Stuudio-JOY-juht-Marina-Jerjomina-2048x1365.jpg 2048w\" data-sizes=\"(max-width: 300px) 100vw, 300px\" src=\"data:image\/svg+xml;base64,PHN2ZyB3aWR0aD0iMSIgaGVpZ2h0PSIxIiB4bWxucz0iaHR0cDovL3d3dy53My5vcmcvMjAwMC9zdmciPjwvc3ZnPg==\" style=\"--smush-placeholder-width: 300px; --smush-placeholder-aspect-ratio: 300\/200;\" \/> <img decoding=\"async\" class=\"alignnone size-medium wp-image-1941 lazyload\" data-src=\"http:\/\/www.joy.ee\/wp-content\/uploads\/2025\/12\/Stuudio-JOY-juht-Marina-Jerjomina-Integratsiooni-Sihtasutuse-juhataja-Dmitri-Moskovtsev-Kultuuriministeeriumi-kultuurilise-mitmekesisuse-asekantsler-Eda-Silberg-225x300.jpeg\" alt=\"\" width=\"225\" height=\"300\" data-srcset=\"https:\/\/www.joy.ee\/wp-content\/uploads\/2025\/12\/Stuudio-JOY-juht-Marina-Jerjomina-Integratsiooni-Sihtasutuse-juhataja-Dmitri-Moskovtsev-Kultuuriministeeriumi-kultuurilise-mitmekesisuse-asekantsler-Eda-Silberg-225x300.jpeg 225w, https:\/\/www.joy.ee\/wp-content\/uploads\/2025\/12\/Stuudio-JOY-juht-Marina-Jerjomina-Integratsiooni-Sihtasutuse-juhataja-Dmitri-Moskovtsev-Kultuuriministeeriumi-kultuurilise-mitmekesisuse-asekantsler-Eda-Silberg-768x1024.jpeg 768w, https:\/\/www.joy.ee\/wp-content\/uploads\/2025\/12\/Stuudio-JOY-juht-Marina-Jerjomina-Integratsiooni-Sihtasutuse-juhataja-Dmitri-Moskovtsev-Kultuuriministeeriumi-kultuurilise-mitmekesisuse-asekantsler-Eda-Silberg-1152x1536.jpeg 1152w, https:\/\/www.joy.ee\/wp-content\/uploads\/2025\/12\/Stuudio-JOY-juht-Marina-Jerjomina-Integratsiooni-Sihtasutuse-juhataja-Dmitri-Moskovtsev-Kultuuriministeeriumi-kultuurilise-mitmekesisuse-asekantsler-Eda-Silberg.jpeg 1200w\" data-sizes=\"(max-width: 225px) 100vw, 225px\" src=\"data:image\/svg+xml;base64,PHN2ZyB3aWR0aD0iMSIgaGVpZ2h0PSIxIiB4bWxucz0iaHR0cDovL3d3dy53My5vcmcvMjAwMC9zdmciPjwvc3ZnPg==\" style=\"--smush-placeholder-width: 225px; --smush-placeholder-aspect-ratio: 225\/300;\" \/> <img decoding=\"async\" class=\"alignnone size-medium wp-image-1942 lazyload\" data-src=\"http:\/\/www.joy.ee\/wp-content\/uploads\/2025\/12\/Stuudio-JOY-juht-Marina-Jerjomina-Kultuuriministeeriumi-kultuurilise-mitmekesisuse-osakonna-nounik-Artjom-Tepljuk-Integratsiooni-Sihtasutuse-Kultuurilise-mitmekesisuse-valdkonnajuht-Kristina-Pirgop-Benton-225x300.jpeg\" alt=\"\" width=\"225\" height=\"300\" data-srcset=\"https:\/\/www.joy.ee\/wp-content\/uploads\/2025\/12\/Stuudio-JOY-juht-Marina-Jerjomina-Kultuuriministeeriumi-kultuurilise-mitmekesisuse-osakonna-nounik-Artjom-Tepljuk-Integratsiooni-Sihtasutuse-Kultuurilise-mitmekesisuse-valdkonnajuht-Kristina-Pirgop-Benton-225x300.jpeg 225w, https:\/\/www.joy.ee\/wp-content\/uploads\/2025\/12\/Stuudio-JOY-juht-Marina-Jerjomina-Kultuuriministeeriumi-kultuurilise-mitmekesisuse-osakonna-nounik-Artjom-Tepljuk-Integratsiooni-Sihtasutuse-Kultuurilise-mitmekesisuse-valdkonnajuht-Kristina-Pirgop-Benton-768x1024.jpeg 768w, https:\/\/www.joy.ee\/wp-content\/uploads\/2025\/12\/Stuudio-JOY-juht-Marina-Jerjomina-Kultuuriministeeriumi-kultuurilise-mitmekesisuse-osakonna-nounik-Artjom-Tepljuk-Integratsiooni-Sihtasutuse-Kultuurilise-mitmekesisuse-valdkonnajuht-Kristina-Pirgop-Benton-1152x1536.jpeg 1152w, https:\/\/www.joy.ee\/wp-content\/uploads\/2025\/12\/Stuudio-JOY-juht-Marina-Jerjomina-Kultuuriministeeriumi-kultuurilise-mitmekesisuse-osakonna-nounik-Artjom-Tepljuk-Integratsiooni-Sihtasutuse-Kultuurilise-mitmekesisuse-valdkonnajuht-Kristina-Pirgop-Benton.jpeg 1200w\" data-sizes=\"(max-width: 225px) 100vw, 225px\" src=\"data:image\/svg+xml;base64,PHN2ZyB3aWR0aD0iMSIgaGVpZ2h0PSIxIiB4bWxucz0iaHR0cDovL3d3dy53My5vcmcvMjAwMC9zdmciPjwvc3ZnPg==\" style=\"--smush-placeholder-width: 225px; --smush-placeholder-aspect-ratio: 225\/300;\" \/> <img decoding=\"async\" class=\"alignnone size-medium wp-image-1943 lazyload\" data-src=\"http:\/\/www.joy.ee\/wp-content\/uploads\/2025\/12\/Stuudio-JOY-juht-Marina-Jerjomina-ja-Eesti-Kirjandusmuuseumi-vanemteadur-ja-Eestimaa-Rahvuste-Uhenduse-juht-Natalia-Ermakov-300x200.jpg\" alt=\"\" width=\"300\" height=\"200\" data-srcset=\"https:\/\/www.joy.ee\/wp-content\/uploads\/2025\/12\/Stuudio-JOY-juht-Marina-Jerjomina-ja-Eesti-Kirjandusmuuseumi-vanemteadur-ja-Eestimaa-Rahvuste-Uhenduse-juht-Natalia-Ermakov-300x200.jpg 300w, https:\/\/www.joy.ee\/wp-content\/uploads\/2025\/12\/Stuudio-JOY-juht-Marina-Jerjomina-ja-Eesti-Kirjandusmuuseumi-vanemteadur-ja-Eestimaa-Rahvuste-Uhenduse-juht-Natalia-Ermakov-1024x683.jpg 1024w, https:\/\/www.joy.ee\/wp-content\/uploads\/2025\/12\/Stuudio-JOY-juht-Marina-Jerjomina-ja-Eesti-Kirjandusmuuseumi-vanemteadur-ja-Eestimaa-Rahvuste-Uhenduse-juht-Natalia-Ermakov-768x512.jpg 768w, https:\/\/www.joy.ee\/wp-content\/uploads\/2025\/12\/Stuudio-JOY-juht-Marina-Jerjomina-ja-Eesti-Kirjandusmuuseumi-vanemteadur-ja-Eestimaa-Rahvuste-Uhenduse-juht-Natalia-Ermakov-1536x1024.jpg 1536w, https:\/\/www.joy.ee\/wp-content\/uploads\/2025\/12\/Stuudio-JOY-juht-Marina-Jerjomina-ja-Eesti-Kirjandusmuuseumi-vanemteadur-ja-Eestimaa-Rahvuste-Uhenduse-juht-Natalia-Ermakov-2048x1365.jpg 2048w\" data-sizes=\"(max-width: 300px) 100vw, 300px\" src=\"data:image\/svg+xml;base64,PHN2ZyB3aWR0aD0iMSIgaGVpZ2h0PSIxIiB4bWxucz0iaHR0cDovL3d3dy53My5vcmcvMjAwMC9zdmciPjwvc3ZnPg==\" style=\"--smush-placeholder-width: 300px; --smush-placeholder-aspect-ratio: 300\/200;\" \/> <img decoding=\"async\" class=\"alignnone size-medium wp-image-1940 lazyload\" data-src=\"http:\/\/www.joy.ee\/wp-content\/uploads\/2025\/12\/Stuudio-JOY-juht-Marina-Jerjomina_Ukraina-Organisatsioonide-Assotsiatsiooni-Eestis-juhatuse-esimees-Volodymyr-Palamar-300x200.jpg\" alt=\"\" width=\"300\" height=\"200\" data-srcset=\"https:\/\/www.joy.ee\/wp-content\/uploads\/2025\/12\/Stuudio-JOY-juht-Marina-Jerjomina_Ukraina-Organisatsioonide-Assotsiatsiooni-Eestis-juhatuse-esimees-Volodymyr-Palamar-300x200.jpg 300w, https:\/\/www.joy.ee\/wp-content\/uploads\/2025\/12\/Stuudio-JOY-juht-Marina-Jerjomina_Ukraina-Organisatsioonide-Assotsiatsiooni-Eestis-juhatuse-esimees-Volodymyr-Palamar-1024x683.jpg 1024w, https:\/\/www.joy.ee\/wp-content\/uploads\/2025\/12\/Stuudio-JOY-juht-Marina-Jerjomina_Ukraina-Organisatsioonide-Assotsiatsiooni-Eestis-juhatuse-esimees-Volodymyr-Palamar-768x512.jpg 768w, https:\/\/www.joy.ee\/wp-content\/uploads\/2025\/12\/Stuudio-JOY-juht-Marina-Jerjomina_Ukraina-Organisatsioonide-Assotsiatsiooni-Eestis-juhatuse-esimees-Volodymyr-Palamar-1536x1024.jpg 1536w, https:\/\/www.joy.ee\/wp-content\/uploads\/2025\/12\/Stuudio-JOY-juht-Marina-Jerjomina_Ukraina-Organisatsioonide-Assotsiatsiooni-Eestis-juhatuse-esimees-Volodymyr-Palamar-2048x1365.jpg 2048w\" data-sizes=\"(max-width: 300px) 100vw, 300px\" src=\"data:image\/svg+xml;base64,PHN2ZyB3aWR0aD0iMSIgaGVpZ2h0PSIxIiB4bWxucz0iaHR0cDovL3d3dy53My5vcmcvMjAwMC9zdmciPjwvc3ZnPg==\" style=\"--smush-placeholder-width: 300px; --smush-placeholder-aspect-ratio: 300\/200;\" \/><\/p>\n","protected":false},"excerpt":{"rendered":"<p>Stuudio JOY on nomineeritud Integratsiooni Sihtasutuse tunnustuseleAasta Sillalooja. See tunnustus on k\u00f5rge hinnang meie pikaajalisele t\u00f6\u00f6le kultuurilise l\u00f5imumise ja inimeste \u00fchendamise nimel l\u00e4bi loovuse, tantsu ja \u00fchisloomingu. Stuudio JOY juubelihooaeg oli eriline &#8211; juba 30 aastat Valga\u2013Valka piirialal ja 10 aastat Tallinnas, oleme loonud kultuuridevahelist dialoogi.Juubeliaasta \u00fchendas eri rahvusi, p\u00f5lvkondi ja kultuure laval, koolides ja kogukondades See nominatsioon kinnitab, et [&hellip;]<\/p>\n","protected":false},"author":4,"featured_media":1944,"comment_status":"closed","ping_status":"closed","sticky":false,"template":"","format":"standard","meta":{"_acf_changed":false,"footnotes":""},"categories":[2],"tags":[],"class_list":["post-1945","post","type-post","status-publish","format-standard","has-post-thumbnail","hentry","category-uudised"],"acf":[],"yoast_head":"<!-- This site is optimized with the Yoast SEO plugin v27.3 - https:\/\/yoast.com\/product\/yoast-seo-wordpress\/ -->\n<title>Stuudio JOY on nomineeritud Integratsiooni Sihtasutuse tunnustusele - STUUDIO JOY<\/title>\n<meta name=\"robots\" content=\"index, follow, max-snippet:-1, max-image-preview:large, max-video-preview:-1\" \/>\n<link rel=\"canonical\" href=\"https:\/\/www.joy.ee\/index.php\/2025\/12\/20\/stuudio-joy-on-nomineeritud-integratsiooni-sihtasutuse-tunnustusele\/\" \/>\n<meta name=\"twitter:card\" content=\"summary_large_image\" \/>\n<meta name=\"twitter:title\" content=\"Stuudio JOY on nomineeritud Integratsiooni Sihtasutuse tunnustusele - STUUDIO JOY\" \/>\n<meta name=\"twitter:description\" content=\"Stuudio JOY on nomineeritud Integratsiooni Sihtasutuse tunnustuseleAasta Sillalooja. See tunnustus on k\u00f5rge hinnang meie pikaajalisele t\u00f6\u00f6le kultuurilise l\u00f5imumise ja inimeste \u00fchendamise nimel l\u00e4bi loovuse, tantsu ja \u00fchisloomingu. Stuudio JOY juubelihooaeg oli eriline &#8211; juba 30 aastat Valga\u2013Valka piirialal ja 10 aastat Tallinnas, oleme loonud kultuuridevahelist dialoogi.Juubeliaasta \u00fchendas eri rahvusi, p\u00f5lvkondi ja kultuure laval, koolides ja kogukondades See nominatsioon kinnitab, et [&hellip;]\" \/>\n<meta name=\"twitter:image\" content=\"https:\/\/www.joy.ee\/wp-content\/uploads\/2025\/12\/Stuudio-JOY-juht-Marina-Jerjomina-scaled.jpg\" \/>\n<meta name=\"twitter:label1\" content=\"Written by\" \/>\n\t<meta name=\"twitter:data1\" content=\"stuudiojoy\" \/>\n\t<meta name=\"twitter:label2\" content=\"Est. reading time\" \/>\n\t<meta name=\"twitter:data2\" content=\"3 minutes\" \/>\n<script type=\"application\/ld+json\" class=\"yoast-schema-graph\">{\"@context\":\"https:\\\/\\\/schema.org\",\"@graph\":[{\"@type\":\"Article\",\"@id\":\"https:\\\/\\\/www.joy.ee\\\/index.php\\\/2025\\\/12\\\/20\\\/stuudio-joy-on-nomineeritud-integratsiooni-sihtasutuse-tunnustusele\\\/#article\",\"isPartOf\":{\"@id\":\"https:\\\/\\\/www.joy.ee\\\/index.php\\\/2025\\\/12\\\/20\\\/stuudio-joy-on-nomineeritud-integratsiooni-sihtasutuse-tunnustusele\\\/\"},\"author\":{\"name\":\"stuudiojoy\",\"@id\":\"https:\\\/\\\/www.joy.ee\\\/#\\\/schema\\\/person\\\/1c523c48043a19c0c48885524dc954a2\"},\"headline\":\"Stuudio JOY on nomineeritud Integratsiooni Sihtasutuse tunnustusele\",\"datePublished\":\"2025-12-20T10:57:45+00:00\",\"dateModified\":\"2025-12-20T10:58:38+00:00\",\"mainEntityOfPage\":{\"@id\":\"https:\\\/\\\/www.joy.ee\\\/index.php\\\/2025\\\/12\\\/20\\\/stuudio-joy-on-nomineeritud-integratsiooni-sihtasutuse-tunnustusele\\\/\"},\"wordCount\":312,\"image\":{\"@id\":\"https:\\\/\\\/www.joy.ee\\\/index.php\\\/2025\\\/12\\\/20\\\/stuudio-joy-on-nomineeritud-integratsiooni-sihtasutuse-tunnustusele\\\/#primaryimage\"},\"thumbnailUrl\":\"https:\\\/\\\/www.joy.ee\\\/wp-content\\\/uploads\\\/2025\\\/12\\\/Stuudio-JOY-juht-Marina-Jerjomina-scaled.jpg\",\"articleSection\":[\"Uudised\"],\"inLanguage\":\"en-US\"},{\"@type\":\"WebPage\",\"@id\":\"https:\\\/\\\/www.joy.ee\\\/index.php\\\/2025\\\/12\\\/20\\\/stuudio-joy-on-nomineeritud-integratsiooni-sihtasutuse-tunnustusele\\\/\",\"url\":\"https:\\\/\\\/www.joy.ee\\\/index.php\\\/2025\\\/12\\\/20\\\/stuudio-joy-on-nomineeritud-integratsiooni-sihtasutuse-tunnustusele\\\/\",\"name\":\"Stuudio JOY on nomineeritud Integratsiooni Sihtasutuse tunnustusele - STUUDIO JOY\",\"isPartOf\":{\"@id\":\"https:\\\/\\\/www.joy.ee\\\/#website\"},\"primaryImageOfPage\":{\"@id\":\"https:\\\/\\\/www.joy.ee\\\/index.php\\\/2025\\\/12\\\/20\\\/stuudio-joy-on-nomineeritud-integratsiooni-sihtasutuse-tunnustusele\\\/#primaryimage\"},\"image\":{\"@id\":\"https:\\\/\\\/www.joy.ee\\\/index.php\\\/2025\\\/12\\\/20\\\/stuudio-joy-on-nomineeritud-integratsiooni-sihtasutuse-tunnustusele\\\/#primaryimage\"},\"thumbnailUrl\":\"https:\\\/\\\/www.joy.ee\\\/wp-content\\\/uploads\\\/2025\\\/12\\\/Stuudio-JOY-juht-Marina-Jerjomina-scaled.jpg\",\"datePublished\":\"2025-12-20T10:57:45+00:00\",\"dateModified\":\"2025-12-20T10:58:38+00:00\",\"author\":{\"@id\":\"https:\\\/\\\/www.joy.ee\\\/#\\\/schema\\\/person\\\/1c523c48043a19c0c48885524dc954a2\"},\"breadcrumb\":{\"@id\":\"https:\\\/\\\/www.joy.ee\\\/index.php\\\/2025\\\/12\\\/20\\\/stuudio-joy-on-nomineeritud-integratsiooni-sihtasutuse-tunnustusele\\\/#breadcrumb\"},\"inLanguage\":\"en-US\",\"potentialAction\":[{\"@type\":\"ReadAction\",\"target\":[\"https:\\\/\\\/www.joy.ee\\\/index.php\\\/2025\\\/12\\\/20\\\/stuudio-joy-on-nomineeritud-integratsiooni-sihtasutuse-tunnustusele\\\/\"]}]},{\"@type\":\"ImageObject\",\"inLanguage\":\"en-US\",\"@id\":\"https:\\\/\\\/www.joy.ee\\\/index.php\\\/2025\\\/12\\\/20\\\/stuudio-joy-on-nomineeritud-integratsiooni-sihtasutuse-tunnustusele\\\/#primaryimage\",\"url\":\"https:\\\/\\\/www.joy.ee\\\/wp-content\\\/uploads\\\/2025\\\/12\\\/Stuudio-JOY-juht-Marina-Jerjomina-scaled.jpg\",\"contentUrl\":\"https:\\\/\\\/www.joy.ee\\\/wp-content\\\/uploads\\\/2025\\\/12\\\/Stuudio-JOY-juht-Marina-Jerjomina-scaled.jpg\",\"width\":2560,\"height\":1707},{\"@type\":\"BreadcrumbList\",\"@id\":\"https:\\\/\\\/www.joy.ee\\\/index.php\\\/2025\\\/12\\\/20\\\/stuudio-joy-on-nomineeritud-integratsiooni-sihtasutuse-tunnustusele\\\/#breadcrumb\",\"itemListElement\":[{\"@type\":\"ListItem\",\"position\":1,\"name\":\"Home\",\"item\":\"https:\\\/\\\/www.joy.ee\\\/\"},{\"@type\":\"ListItem\",\"position\":2,\"name\":\"Stuudio JOY on nomineeritud Integratsiooni Sihtasutuse tunnustusele\"}]},{\"@type\":\"WebSite\",\"@id\":\"https:\\\/\\\/www.joy.ee\\\/#website\",\"url\":\"https:\\\/\\\/www.joy.ee\\\/\",\"name\":\"STUUDIO JOY\",\"description\":\"Dance, Sing, Enjoy!\",\"potentialAction\":[{\"@type\":\"SearchAction\",\"target\":{\"@type\":\"EntryPoint\",\"urlTemplate\":\"https:\\\/\\\/www.joy.ee\\\/?s={search_term_string}\"},\"query-input\":{\"@type\":\"PropertyValueSpecification\",\"valueRequired\":true,\"valueName\":\"search_term_string\"}}],\"inLanguage\":\"en-US\"},{\"@type\":\"Person\",\"@id\":\"https:\\\/\\\/www.joy.ee\\\/#\\\/schema\\\/person\\\/1c523c48043a19c0c48885524dc954a2\",\"name\":\"stuudiojoy\",\"url\":\"https:\\\/\\\/www.joy.ee\\\/index.php\\\/author\\\/laura-k\\\/\"}]}<\/script>\n<!-- \/ Yoast SEO plugin. -->","yoast_head_json":{"title":"Stuudio JOY on nomineeritud Integratsiooni Sihtasutuse tunnustusele - STUUDIO JOY","robots":{"index":"index","follow":"follow","max-snippet":"max-snippet:-1","max-image-preview":"max-image-preview:large","max-video-preview":"max-video-preview:-1"},"canonical":"https:\/\/www.joy.ee\/index.php\/2025\/12\/20\/stuudio-joy-on-nomineeritud-integratsiooni-sihtasutuse-tunnustusele\/","twitter_card":"summary_large_image","twitter_title":"Stuudio JOY on nomineeritud Integratsiooni Sihtasutuse tunnustusele - STUUDIO JOY","twitter_description":"Stuudio JOY on nomineeritud Integratsiooni Sihtasutuse tunnustuseleAasta Sillalooja. See tunnustus on k\u00f5rge hinnang meie pikaajalisele t\u00f6\u00f6le kultuurilise l\u00f5imumise ja inimeste \u00fchendamise nimel l\u00e4bi loovuse, tantsu ja \u00fchisloomingu. Stuudio JOY juubelihooaeg oli eriline &#8211; juba 30 aastat Valga\u2013Valka piirialal ja 10 aastat Tallinnas, oleme loonud kultuuridevahelist dialoogi.Juubeliaasta \u00fchendas eri rahvusi, p\u00f5lvkondi ja kultuure laval, koolides ja kogukondades See nominatsioon kinnitab, et [&hellip;]","twitter_image":"https:\/\/www.joy.ee\/wp-content\/uploads\/2025\/12\/Stuudio-JOY-juht-Marina-Jerjomina-scaled.jpg","twitter_misc":{"Written by":"stuudiojoy","Est. reading time":"3 minutes"},"schema":{"@context":"https:\/\/schema.org","@graph":[{"@type":"Article","@id":"https:\/\/www.joy.ee\/index.php\/2025\/12\/20\/stuudio-joy-on-nomineeritud-integratsiooni-sihtasutuse-tunnustusele\/#article","isPartOf":{"@id":"https:\/\/www.joy.ee\/index.php\/2025\/12\/20\/stuudio-joy-on-nomineeritud-integratsiooni-sihtasutuse-tunnustusele\/"},"author":{"name":"stuudiojoy","@id":"https:\/\/www.joy.ee\/#\/schema\/person\/1c523c48043a19c0c48885524dc954a2"},"headline":"Stuudio JOY on nomineeritud Integratsiooni Sihtasutuse tunnustusele","datePublished":"2025-12-20T10:57:45+00:00","dateModified":"2025-12-20T10:58:38+00:00","mainEntityOfPage":{"@id":"https:\/\/www.joy.ee\/index.php\/2025\/12\/20\/stuudio-joy-on-nomineeritud-integratsiooni-sihtasutuse-tunnustusele\/"},"wordCount":312,"image":{"@id":"https:\/\/www.joy.ee\/index.php\/2025\/12\/20\/stuudio-joy-on-nomineeritud-integratsiooni-sihtasutuse-tunnustusele\/#primaryimage"},"thumbnailUrl":"https:\/\/www.joy.ee\/wp-content\/uploads\/2025\/12\/Stuudio-JOY-juht-Marina-Jerjomina-scaled.jpg","articleSection":["Uudised"],"inLanguage":"en-US"},{"@type":"WebPage","@id":"https:\/\/www.joy.ee\/index.php\/2025\/12\/20\/stuudio-joy-on-nomineeritud-integratsiooni-sihtasutuse-tunnustusele\/","url":"https:\/\/www.joy.ee\/index.php\/2025\/12\/20\/stuudio-joy-on-nomineeritud-integratsiooni-sihtasutuse-tunnustusele\/","name":"Stuudio JOY on nomineeritud Integratsiooni Sihtasutuse tunnustusele - STUUDIO JOY","isPartOf":{"@id":"https:\/\/www.joy.ee\/#website"},"primaryImageOfPage":{"@id":"https:\/\/www.joy.ee\/index.php\/2025\/12\/20\/stuudio-joy-on-nomineeritud-integratsiooni-sihtasutuse-tunnustusele\/#primaryimage"},"image":{"@id":"https:\/\/www.joy.ee\/index.php\/2025\/12\/20\/stuudio-joy-on-nomineeritud-integratsiooni-sihtasutuse-tunnustusele\/#primaryimage"},"thumbnailUrl":"https:\/\/www.joy.ee\/wp-content\/uploads\/2025\/12\/Stuudio-JOY-juht-Marina-Jerjomina-scaled.jpg","datePublished":"2025-12-20T10:57:45+00:00","dateModified":"2025-12-20T10:58:38+00:00","author":{"@id":"https:\/\/www.joy.ee\/#\/schema\/person\/1c523c48043a19c0c48885524dc954a2"},"breadcrumb":{"@id":"https:\/\/www.joy.ee\/index.php\/2025\/12\/20\/stuudio-joy-on-nomineeritud-integratsiooni-sihtasutuse-tunnustusele\/#breadcrumb"},"inLanguage":"en-US","potentialAction":[{"@type":"ReadAction","target":["https:\/\/www.joy.ee\/index.php\/2025\/12\/20\/stuudio-joy-on-nomineeritud-integratsiooni-sihtasutuse-tunnustusele\/"]}]},{"@type":"ImageObject","inLanguage":"en-US","@id":"https:\/\/www.joy.ee\/index.php\/2025\/12\/20\/stuudio-joy-on-nomineeritud-integratsiooni-sihtasutuse-tunnustusele\/#primaryimage","url":"https:\/\/www.joy.ee\/wp-content\/uploads\/2025\/12\/Stuudio-JOY-juht-Marina-Jerjomina-scaled.jpg","contentUrl":"https:\/\/www.joy.ee\/wp-content\/uploads\/2025\/12\/Stuudio-JOY-juht-Marina-Jerjomina-scaled.jpg","width":2560,"height":1707},{"@type":"BreadcrumbList","@id":"https:\/\/www.joy.ee\/index.php\/2025\/12\/20\/stuudio-joy-on-nomineeritud-integratsiooni-sihtasutuse-tunnustusele\/#breadcrumb","itemListElement":[{"@type":"ListItem","position":1,"name":"Home","item":"https:\/\/www.joy.ee\/"},{"@type":"ListItem","position":2,"name":"Stuudio JOY on nomineeritud Integratsiooni Sihtasutuse tunnustusele"}]},{"@type":"WebSite","@id":"https:\/\/www.joy.ee\/#website","url":"https:\/\/www.joy.ee\/","name":"STUUDIO JOY","description":"Dance, Sing, Enjoy!","potentialAction":[{"@type":"SearchAction","target":{"@type":"EntryPoint","urlTemplate":"https:\/\/www.joy.ee\/?s={search_term_string}"},"query-input":{"@type":"PropertyValueSpecification","valueRequired":true,"valueName":"search_term_string"}}],"inLanguage":"en-US"},{"@type":"Person","@id":"https:\/\/www.joy.ee\/#\/schema\/person\/1c523c48043a19c0c48885524dc954a2","name":"stuudiojoy","url":"https:\/\/www.joy.ee\/index.php\/author\/laura-k\/"}]}},"_links":{"self":[{"href":"https:\/\/www.joy.ee\/index.php\/wp-json\/wp\/v2\/posts\/1945","targetHints":{"allow":["GET"]}}],"collection":[{"href":"https:\/\/www.joy.ee\/index.php\/wp-json\/wp\/v2\/posts"}],"about":[{"href":"https:\/\/www.joy.ee\/index.php\/wp-json\/wp\/v2\/types\/post"}],"author":[{"embeddable":true,"href":"https:\/\/www.joy.ee\/index.php\/wp-json\/wp\/v2\/users\/4"}],"replies":[{"embeddable":true,"href":"https:\/\/www.joy.ee\/index.php\/wp-json\/wp\/v2\/comments?post=1945"}],"version-history":[{"count":2,"href":"https:\/\/www.joy.ee\/index.php\/wp-json\/wp\/v2\/posts\/1945\/revisions"}],"predecessor-version":[{"id":1948,"href":"https:\/\/www.joy.ee\/index.php\/wp-json\/wp\/v2\/posts\/1945\/revisions\/1948"}],"wp:featuredmedia":[{"embeddable":true,"href":"https:\/\/www.joy.ee\/index.php\/wp-json\/wp\/v2\/media\/1944"}],"wp:attachment":[{"href":"https:\/\/www.joy.ee\/index.php\/wp-json\/wp\/v2\/media?parent=1945"}],"wp:term":[{"taxonomy":"category","embeddable":true,"href":"https:\/\/www.joy.ee\/index.php\/wp-json\/wp\/v2\/categories?post=1945"},{"taxonomy":"post_tag","embeddable":true,"href":"https:\/\/www.joy.ee\/index.php\/wp-json\/wp\/v2\/tags?post=1945"}],"curies":[{"name":"wp","href":"https:\/\/api.w.org\/{rel}","templated":true}]}}